{"id":592,"date":"2016-10-05T18:22:43","date_gmt":"2016-10-05T18:22:43","guid":{"rendered":"http:\/\/2016.bjf.rs\/?p=592"},"modified":"2016-10-16T07:54:36","modified_gmt":"2016-10-16T07:54:36","slug":"pocinje-zamena-vaucera-za-komplete-ulaznica-32-beogradskog-dzez-festivala","status":"publish","type":"post","link":"http:\/\/2016.bjf.rs\/en\/pocinje-zamena-vaucera-za-komplete-ulaznica-32-beogradskog-dzez-festivala\/","title":{"rendered":"PO\u010cINJE ZAMENA VAU\u010cERA ZA KOMPLETE ULAZNICA 32. BEOGRADSKOG D\u017dEZ FESTIVALA!"},"content":{"rendered":"<p class=\"qtranxs-available-languages-message qtranxs-available-languages-message-en\">Sorry, this entry is only available in <a href=\"http:\/\/2016.bjf.rs\/sr\/wp-json\/wp\/v2\/posts\/592\" class=\"qtranxs-available-language-link qtranxs-available-language-link-sr\" title=\"Srpski\">Serbian<\/a>.<\/p>","protected":false},"excerpt":{"rendered":"<p>Sorry, this entry is only available in Serbian.<\/p>\n","protected":false},"author":1,"featured_media":557,"comment_status":"closed","ping_status":"open","sticky":false,"template":"","format":"standard","meta":[],"categories":[1],"tags":[],"_links":{"self":[{"href":"http:\/\/2016.bjf.rs\/en\/wp-json\/wp\/v2\/posts\/592"}],"collection":[{"href":"http:\/\/2016.bjf.rs\/en\/wp-json\/wp\/v2\/posts"}],"about":[{"href":"http:\/\/2016.bjf.rs\/en\/wp-json\/wp\/v2\/types\/post"}],"author":[{"embeddable":true,"href":"http:\/\/2016.bjf.rs\/en\/wp-json\/wp\/v2\/users\/1"}],"replies":[{"embeddable":true,"href":"http:\/\/2016.bjf.rs\/en\/wp-json\/wp\/v2\/comments?post=592"}],"version-history":[{"count":8,"href":"http:\/\/2016.bjf.rs\/en\/wp-json\/wp\/v2\/posts\/592\/revisions"}],"predecessor-version":[{"id":622,"href":"http:\/\/2016.bjf.rs\/en\/wp-json\/wp\/v2\/posts\/592\/revisions\/622"}],"wp:featuredmedia":[{"embeddable":true,"href":"http:\/\/2016.bjf.rs\/en\/wp-json\/wp\/v2\/media\/557"}],"wp:attachment":[{"href":"http:\/\/2016.bjf.rs\/en\/wp-json\/wp\/v2\/media?parent=592"}],"wp:term":[{"taxonomy":"category","embeddable":true,"href":"http:\/\/2016.bjf.rs\/en\/wp-json\/wp\/v2\/categories?post=592"},{"taxonomy":"post_tag","embeddable":true,"href":"http:\/\/2016.bjf.rs\/en\/wp-json\/wp\/v2\/tags?post=592"}],"curies":[{"name":"wp","href":"https:\/\/api.w.org\/{rel}","templated":true}]}}